{"id":7786,"date":"2023-09-24T12:38:39","date_gmt":"2023-09-24T09:38:39","guid":{"rendered":"https:\/\/infokam.eu\/blog\/?p=7786"},"modified":"2023-09-24T12:39:47","modified_gmt":"2023-09-24T09:39:47","slug":"gndurile-unei-dimineti-de-duminica","status":"publish","type":"post","link":"https:\/\/infokam.eu\/blog\/2023\/09\/24\/gndurile-unei-dimineti-de-duminica\/","title":{"rendered":"G&acirc;ndurile unei dimine\u021bi de duminic\u0103"},"content":{"rendered":"<p align=\"justify\">\u00cen fiecare diminea\u021b\u0103 merg cam 5-6 km pe jos.<br \/>\nAdic\u0103 timp de o or\u0103 nu am altceva de f\u0103cut dec\u00e2t s\u0103 m\u0103 uit \u00een jur, ascult radio \u0219i m\u0103 g\u00e2ndesc la tot felul de prostii.<br \/>\nDe exemplu, m\u0103 tot g\u00e2ndesc la un accesoriu care nu exist\u0103 \u00een casele oamenilor dar ar fi strict necesar:<br \/>\nUn fel de toc\u0103tor de gunoi combinat cu o pres\u0103.<br \/>\nBagi de exemplu \u00eentr-un fel de cutie gunoaiele din cas\u0103, cojile de la zarzavaturi, pamper\u0219ii folosi\u021bi, tot felul de ambalaje \u0219i praful din sacul aspiratorului.<br \/>\nUndeva \u00een partea de jos chestia aia are un toc\u0103tor destul de puternic ca s\u0103 rup\u0103 \u00een buc\u0103\u021bele \u0219i o cutie de conserve.<br \/>\n\u0218i dup\u0103 aceea toate bucatelele alea cad undeva \u00eentr-un compartiment unde sunt puternic presate.<br \/>\nLichidele se scurg \u00een canalizare \u0219i tot ce r\u0103m\u00e2ne este un fel de c\u0103r\u0103mid\u0103 aproape uscat\u0103, un cub cu latura de vreo&nbsp; 10 cm pe care o iei \u0219i \u00een loc de un sac de gunoi ai o chestie mic\u0103 care se arunc\u0103.<br \/>\nNu mai trebuie s\u0103 cobori toat\u0103 ziua cu gunoiul iar o pubel\u0103 din aia de bloc poate aduna \u00een ea tot gunoiul produs de locatari timp de o s\u0103pt\u0103m\u00e2n\u0103.<br \/>\nToat\u0103 scula asta nu ar trebui s\u0103 fie mai mare dec\u00e2t co\u0219ul \u0103la de gunoi pe care \u00eel avem acum, s\u0103 spunem 40x40x50 cm.<br \/>\nS-ar putea face chiar astfel de dispozitive care s\u0103 con\u021bin\u0103 trei chestii din astea, astfel am ob\u021bine un cub de gunoi menajer, altul de h\u00e2rtie \u0219i altul din fulgi de plastic presa\u021bi.<br \/>\nNu \u0219tiu de ce nu inventeaz\u0103 nimeni a\u0219a ceva, p\u00e2n\u0103 la urm\u0103 va trebui s\u0103-l inventez eu.<\/p>\n<p align=\"center\">***<\/p>\n<p align=\"justify\">\u0218i c\u00e2nd m\u0103 \u00eentorc acas\u0103 merg tot pe jos, tot 5-6 km \u00een fiecare zi.<br \/>\nIeri am trecut prin Pia\u021ba Libert\u0103\u021bii.<br \/>\nNu era \u00eenc\u0103 seara, c\u00e2nd oamenii ies \u00een ora\u0219, dar erau deja acolo o mul\u021bime de oameni care se distrau, cump\u0103rau chestii, ascultau muzic\u0103 \u0219i unii dintre ei dansau.<br \/>\nCeva interesant, aveau unii sirop la pahar, exact ca \u00een copil\u0103ria mea.<br \/>\nM\u0103 g\u00e2ndeam la Capitala Cultural\u0103, nu \u0219tiu de ce se \u00eent\u00e2mpl\u0103 a\u0219a dar cred c\u0103 \u00een loc s\u0103 d\u0103m m\u00e2n\u0103 liber\u0103 la tot felul de arhitec\u021bi \u0219i tot felul de figuran\u021bi care au cheltuit o mul\u021bime de bani degeaba poate am fi ie\u0219it mai bine dac\u0103 am fi adus ni\u0219te unguri s\u0103 ne c\u00e2nte \u00een fiecare sear\u0103. \u0218i probabil am fi ie\u0219it \u0219i mai ieftin.<\/p>\n<p align=\"justify\">\n<a href=\"https:\/\/infokam.eu\/blog\/wp-content\/uploads\/2023\/09\/cantareti.jpg\"><img loading=\"lazy\" decoding=\"async\" width=\"804\" height=\"604\" title=\"cantareti\" style=\"display: inline; background-image: none;\" alt=\"cantareti\" src=\"https:\/\/infokam.eu\/blog\/wp-content\/uploads\/2023\/09\/cantareti_thumb.jpg\" border=\"0\"><\/a><\/p>\n<p align=\"center\">***<\/p>\n<p align=\"justify\">Ast\u0103zi e plin de vapora\u0219e pe Bega. Mici, mari, de toate m\u0103rimile.<\/p>\n<p align=\"justify\"><a href=\"https:\/\/infokam.eu\/blog\/wp-content\/uploads\/2023\/09\/vaporase.jpg\"><img loading=\"lazy\" decoding=\"async\" width=\"804\" height=\"604\" title=\"vaporase\" style=\"display: inline; background-image: none;\" alt=\"vaporase\" src=\"https:\/\/infokam.eu\/blog\/wp-content\/uploads\/2023\/09\/vaporase_thumb.jpg\" border=\"0\"><\/a><\/p>\n<p align=\"center\">***<\/p>\n<p align=\"justify\">Spuneam mai de mult asta, p\u0103rerea mea este c\u0103 pie\u021bele agroalimentare, a\u0219a cum le \u0219tim noi dintotdeauna, sunt pe cale de dispari\u021bie.<br \/>\nViitorul este al firmelor care au capacitatea s\u0103 controleze calitatea produselor v\u00e2ndute \u0219i pre\u021bul acestora.<br \/>\nSi este \u0219i normal s\u0103 fie a\u0219a, \u00eentr-o lume \u00een care m\u00e2ncarea se produce industrial este corect ca aceast\u0103 s\u0103 fie \u0219i v\u00e2ndut\u0103 industrial, nu de c\u0103tre tot felul de mici comercian\u021bi al c\u0103ror singur aport este c\u0103 mai adaug\u0103 ceva la pre\u021b.<br \/>\nDeocamdat\u0103 avem re\u021belele de magazine de proximitate \u0219i marile magazine, probabil c\u0103 \u00een viitorul apropiat acestea din urm\u0103 se vor muta \u0219i ele \u00een spa\u021biul virtual, a\u0219a c\u0103 dac\u0103 vrei ni\u0219te cartofi sau ni\u0219te castrave\u021bi o s\u0103 le comanzi online \u0219i o s\u0103 vin\u0103 o dron\u0103, sau un om din \u0103la exotic pe biciclet\u0103,&nbsp; s\u0103 \u021bi le aduc\u0103.<br \/>\nDac\u0103 nu crede\u021bi uita\u021bi-v\u0103 cum ar\u0103ta Pia\u021ba 700 azi diminea\u021ba, la o or\u0103 c\u00e2nd alt\u0103dat\u0103 pie\u021bele erau ticsite:<\/p>\n<p align=\"justify\"><a href=\"https:\/\/infokam.eu\/blog\/wp-content\/uploads\/2023\/09\/piata.jpg\"><img loading=\"lazy\" decoding=\"async\" width=\"804\" height=\"604\" title=\"piata\" style=\"display: inline; background-image: none;\" alt=\"piata\" src=\"https:\/\/infokam.eu\/blog\/wp-content\/uploads\/2023\/09\/piata_thumb.jpg\" border=\"0\"><\/a><\/p>\n<p align=\"center\">***<\/p>\n<p align=\"justify\">A\u0219a cum spuneam mai sus, c\u00e2nd merg pe jos ascult radio.<br \/>\nLa \u00eenceput, dup\u0103 mai multe teste, am ales Radio Rom\u00e2nia Actualit\u0103\u021bi.<br \/>\nI-am tot ascultat vreo 20 de ani, \u00een fiecare zi.<br \/>\nDar la un moment dat seara \u0103\u0219tia tot d\u0103deau meciuri a\u0219a c\u0103 m-am sup\u0103rat pe ei \u0219i am \u00eenceput s\u0103 ascult Europa FM.<br \/>\nDin p\u0103cate, mai ales odat\u0103 cu \u00eenceperea pandemiei, \u0103\u0219tia au devenit de-a dreptul sini\u0219tri, nu mai auzeai dec\u00e2t despre m\u0103\u0219ti, mor\u021bi \u0219i propagand\u0103 de\u0219\u0103n\u021bat\u0103 pentru vaccinare.<br \/>\nNici muzic\u0103 nu prea au, au un playlist \u0219i \u00eel pun tot pe \u0103la, mai apare c\u00e2te o melodie nou\u0103\/s\u0103pt\u0103m\u00e2n\u0103. Acum dac\u0103 tot s-au \u00eenv\u0103\u021bat cu corectitudinea politic\u0103, probabil c\u0103 e \u0219i rentabil\u0103, continu\u0103 cu propagand\u0103 \u00een favoarea r\u0103zboiului.<br \/>\nA\u0219a c\u0103 am renun\u021bat \u0219i la ei.<br \/>\nPentru c\u0103 la un moment dat am aflat c\u0103 Radio Guerilla e a prietenului nostru Liviu Mihaiu, sau are el ceva interese pe acolo, am zis s\u0103-i ascult pe \u0103\u0219tia.<br \/>\nC\u0103 poate dac\u0103 eu \u00eel ascult pe el \u0219i el o s\u0103 m\u0103 citeasc\u0103 pe mine.<br \/>\nNu e r\u0103u postul \u0103sta.<br \/>\n\u00cen primul r\u00e2nd \u0103\u0219tia nu sunt corec\u021bi politic, adic\u0103 au cam acelea\u0219i p\u0103reri ca \u0219i mine. Si asta e bine, pentru c\u0103 dac\u0103 nu a\u0219 crede c\u0103 e bine nu le-a\u0219 avea pe p\u0103rerile astea, a\u0219a avea \u0219i eu p\u0103reri ca ale celor de la Europa FM, ale celor care-i consider\u0103 pe medici ni\u0219te Dumnezei sau ale celor care spun c\u0103 r\u0103zboiul \u0219i traficul de armament sunt lucruri benefice \u0219i se bucur\u0103 c\u00e2nd mai mor ni\u0219te oameni.<br \/>\nAu curaj \u0103\u0219tia de la Guerilla s\u0103 vorbeasc\u0103 chiar \u0219i despre lucruri sacre, cum ar fi \u201cBlackRock\u201d sau \u201cVanguard\u201d, adic\u0103 despre cei care st\u0103p\u00e2nesc tot ce exist\u0103 pe planeta asta, fie c\u0103 este vorba despre fabricile de covizi, cele de vaccinuri, sau de arme, sau Google, Facebook sau Microsoft. Tot. Dac\u0103 se sup\u0103r\u0103 \u0103stia pe voi nu mai primi\u021bi nici pensie.<\/p>\n<p align=\"justify\"><a href=\"https:\/\/infokam.eu\/blog\/wp-content\/uploads\/2023\/09\/Blackrock-oct.jpg\"><img loading=\"lazy\" decoding=\"async\" width=\"804\" height=\"424\" title=\"Blackrock-oct\" style=\"display: inline; background-image: none;\" alt=\"Blackrock-oct\" src=\"https:\/\/infokam.eu\/blog\/wp-content\/uploads\/2023\/09\/Blackrock-oct_thumb.jpg\" border=\"0\"><\/a><br \/>\nMuzica e \u0219i ea bun\u0103 la Radio Guerilla<\/p>\n<p align=\"justify\"><a href=\"https:\/\/www.youtube.com\/watch?v=KlE81sWDDTI&amp;ab_channel=sarmalele\"><img loading=\"lazy\" decoding=\"async\" width=\"800\" height=\"500\" title=\"Violeta\" style=\"border: 0px currentcolor; border-image: none; display: inline; background-image: none;\" alt=\"Violeta\" src=\"https:\/\/infokam.eu\/blog\/wp-content\/uploads\/2023\/09\/Violeta.png\" border=\"0\"><\/a><br \/>\n\u0218i nu \u00een ultimul r\u00e2nd, s\u00e2mb\u0103ta \u0219i duminica (cred) au o emisiune care se nume\u0219te \u201cProbleme la mansard\u0103\u201d.<\/p>\n<p align=\"justify\"><a href=\"https:\/\/infokam.eu\/blog\/wp-content\/uploads\/2023\/09\/mansarda.jpg\"><img loading=\"lazy\" decoding=\"async\" width=\"800\" height=\"523\" title=\"mansarda\" style=\"border: 0px currentcolor; border-image: none; display: inline; background-image: none;\" alt=\"mansarda\" src=\"https:\/\/infokam.eu\/blog\/wp-content\/uploads\/2023\/09\/mansarda_thumb.jpg\" border=\"0\"><\/a><br \/>\nFoarte interesant\u0103 emisiune.<br \/>\nLa prima vedere ai impresia c\u0103 omul \u0103la pe care nu \u0219tiu cum \u00eel cheam\u0103 vrea s\u0103 piard\u0103 o or\u0103 \u0219i vorbe\u0219te despre tot felul de chestii.<br \/>\nDar nu e a\u0219a. Dac\u0103 e\u0219ti atent observi c\u0103 te face s\u0103 te g\u00e2nde\u0219ti, o chestie destul de rar\u0103 \u00een ultimii ani.<br \/>\nIeri de exemplu se \u00eentreba ce a fost \u00eenainte de a nu fi nimic. Adic\u0103 \u00eenainte de \u00eenceputul lumii, Adic\u0103 al materiei.<br \/>\nPentru c\u0103 e o chestie \u0219i cu materia asta, fizica ne \u00eenva\u021b\u0103 c\u0103 materia este legat\u0103 de timp, nu exist\u0103 materie, dac\u0103 nu exist\u0103 nici timp. \u0218i invers<br \/>\nIar dac\u0103 nu exista timpul nici no\u021biunea de \u201c\u00eenainte\u201d nu exista.<br \/>\nE o chestie.<br \/>\nExist\u0103 un r\u0103spuns la \u00eentrebarea asta, asta nu au spus-o ei, o \u0219tiam pentru c\u0103 am citit-o \u00eentr-o carte groas\u0103 cu o cruce pe ea:<\/p>\n<p align=\"left\"><em><strong>La \u00eenceput era Cuv\u00e2ntul, \u0219i Cuv\u00e2ntul era cu Dumnezeu, \u0219i Cuv\u00e2ntul era Dumnezeu. El era la \u00eenceput cu Dumnezeu. Toate lucrurile au fost f\u0103cute prin El; \u0219i nimic din ce a fost f\u0103cut n-a fost f\u0103cut f\u0103r\u0103 El.\u201d <\/strong>(Ioan 1:1-14)<br \/>\n<strong><br \/>\n<\/strong><\/em>Adic\u0103, la \u00eenceput era informa\u021bia pur\u0103, informa\u021bia era Dumnezeu.<\/p>\n<p align=\"justify\">La un moment dat \u00een emisiunea asta mai apare \u00eenc\u0103 un tip \u0219i cei doi \u00eencep s\u0103 discute \u00eentre ei.<br \/>\nDialogul pare c\u0103 este copiat dintr-o carte a lui Boris Vian, adic\u0103 e cel pu\u021bin ciudat. De fapt este umor de cea mai bun\u0103 calitate, pentru oameni a c\u0103ror inteligen\u021b\u0103 este peste medie.<br \/>\nAstfel, ast\u0103zi am aflat c\u0103 \u00een corpora\u021bii, pe l\u00e2ng\u0103 \u201cfumatorii\u201d, ni\u0219te cutii mici \u00een care se \u00eenghesuie corporati\u0219tii s\u0103 fumeze, exist\u0103 \u0219i \u201coftatorii\u201d, alte \u00eenc\u0103peri mici \u00een care \u0103\u0219tia, angaja\u021bii corpora\u021biilor, se duc s\u0103 ofteze c\u00e2nd nu mai pot rezista stresului.<br \/>\nDin p\u0103cate \u00een \u201coftatorii\u201d regulile GDPR nu se aplic\u0103, a\u0219a c\u0103 dac\u0103 te duci acolo s\u0103 oftezi e\u0219ti \u00eenregistrat \u0219i te po\u021bi trezi c\u0103 e\u0219ti chemat la vreun \u0219ef \u0219i \u0103la s\u0103 te \u00eentrebe ce ai de oftezi.<br \/>\nPentru c\u0103, a\u0219a cum a\u021bi aflat deja, \u00een corpora\u021bii trebuie s\u0103 z\u00e2mbe\u0219ti tot timpul \u0219i s\u0103 ar\u0103\u021bi c\u0103 e\u0219ti fericit.<br \/>\nDac\u0103 nu e\u0219ti fericit \u00eenseamn\u0103 c\u0103 poate ai \u00eenceput s\u0103 g\u00e2nde\u0219ti, s\u0103-\u021bi pui tot felul de \u00eentreb\u0103ri.<br \/>\nIar un corporatist nu are voie nici s\u0103 g\u00e2ndeasc\u0103 nici s\u0103-\u0219i pun\u0103 \u00eentreb\u0103ri, el trebuie s\u0103 execute ordinele superiorilor \u0219i s\u0103 fie mul\u021bumit c\u0103 i se permite s\u0103 fac\u0103 asta.<br \/>\nDac\u0103 nu crede\u021bi \u00eencerca\u021bi s\u0103 merge\u021bi la o adunare a \u0103stora, \u0219edin\u021bele alea cu Ceau\u0219escu sau adun\u0103rile neoprotestan\u021bilor erau\/sunt floare la ureche pe l\u00e2ng\u0103 adun\u0103rile corporati\u0219tilor.<\/p>\n<p align=\"justify\"><a href=\"https:\/\/infokam.eu\/blog\/wp-content\/uploads\/2023\/09\/happy.jpg\"><img loading=\"lazy\" decoding=\"async\" width=\"804\" height=\"494\" title=\"View at working meeting with diagram at background\" style=\"display: inline; background-image: none;\" alt=\"View at working meeting with diagram at background\" src=\"https:\/\/infokam.eu\/blog\/wp-content\/uploads\/2023\/09\/happy_thumb.jpg\" border=\"0\"><\/a><\/p>\n<p align=\"justify\">\nSingurul lucru pe care l-a\u0219 schimba \u00een programul acestui post de radio este c\u0103 i-a\u0219 pune pe oamenii \u0103ia cu probleme la mansard\u0103, sau pe al\u021bi ca ei, s\u0103 vorbeasc\u0103 seara, s\u0103 spunem de pe la 10 p\u00e2n\u0103 t\u00e2rziu \u00een noapte, atunci c\u00e2nd adev\u0103ra\u021bii ascult\u0103tori de radio sunt pe recep\u021bie. \u00cen fiecare sear\u0103. C\u0103 e p\u0103cat s\u0103 strici orzul pe g\u00e2\u0219tele care ascult\u0103 radio diminea\u021ba \u00een ma\u0219in\u0103, \u00een timp ce merg la servici \u0219i nu prea sunt aten\u021bi la ce se discut\u0103 acolo.<\/p>\n<p align=\"justify\">\n<p align=\"justify\">\n<p align=\"justify\">\n","protected":false},"excerpt":{"rendered":"<p>\u00cen fiecare diminea\u021b\u0103 merg cam 5-6 km pe jos. Adic\u0103 timp de o or\u0103 nu am altceva de f\u0103cut dec\u00e2t s\u0103 m\u0103 uit \u00een jur, ascult radio \u0219i m\u0103 g\u00e2ndesc la tot felul de prostii. De exemplu, m\u0103 tot g\u00e2ndesc la un accesoriu care nu exist\u0103 \u00een casele oamenilor dar ar fi strict necesar: Un [&hellip;]<\/p>\n","protected":false},"author":1,"featured_media":7789,"comment_status":"closed","ping_status":"open","sticky":false,"template":"","format":"standard","meta":{"footnotes":""},"categories":[1],"tags":[],"class_list":["post-7786","post","type-post","status-publish","format-standard","has-post-thumbnail","hentry","category-uncategorized"],"_links":{"self":[{"href":"https:\/\/infokam.eu\/blog\/wp-json\/wp\/v2\/posts\/7786","targetHints":{"allow":["GET"]}}],"collection":[{"href":"https:\/\/infokam.eu\/blog\/wp-json\/wp\/v2\/posts"}],"about":[{"href":"https:\/\/infokam.eu\/blog\/wp-json\/wp\/v2\/types\/post"}],"author":[{"embeddable":true,"href":"https:\/\/infokam.eu\/blog\/wp-json\/wp\/v2\/users\/1"}],"replies":[{"embeddable":true,"href":"https:\/\/infokam.eu\/blog\/wp-json\/wp\/v2\/comments?post=7786"}],"version-history":[{"count":2,"href":"https:\/\/infokam.eu\/blog\/wp-json\/wp\/v2\/posts\/7786\/revisions"}],"predecessor-version":[{"id":7790,"href":"https:\/\/infokam.eu\/blog\/wp-json\/wp\/v2\/posts\/7786\/revisions\/7790"}],"wp:featuredmedia":[{"embeddable":true,"href":"https:\/\/infokam.eu\/blog\/wp-json\/wp\/v2\/media\/7789"}],"wp:attachment":[{"href":"https:\/\/infokam.eu\/blog\/wp-json\/wp\/v2\/media?parent=7786"}],"wp:term":[{"taxonomy":"category","embeddable":true,"href":"https:\/\/infokam.eu\/blog\/wp-json\/wp\/v2\/categories?post=7786"},{"taxonomy":"post_tag","embeddable":true,"href":"https:\/\/infokam.eu\/blog\/wp-json\/wp\/v2\/tags?post=7786"}],"curies":[{"name":"wp","href":"https:\/\/api.w.org\/{rel}","templated":true}]}}