{"id":5402,"date":"2019-05-13T18:11:04","date_gmt":"2019-05-13T15:11:04","guid":{"rendered":"http:\/\/infokam.eu\/blog\/?p=5402"},"modified":"2019-05-13T18:46:08","modified_gmt":"2019-05-13T15:46:08","slug":"microfact-xfact-cum-se-face-un-deviz-fara-mare-bataie-de-cap","status":"publish","type":"post","link":"https:\/\/infokam.eu\/blog\/2019\/05\/13\/microfact-xfact-cum-se-face-un-deviz-fara-mare-bataie-de-cap\/","title":{"rendered":"Microfact, xFact &#8211; Cum se face un deviz f\u0103ra mare bataie de cap"},"content":{"rendered":"<p align=\"justify\"><font face=\"Arial\">A\u0219a cum \u0219tim cu to\u021bii \u00eentocmirea devizelor, mai ales \u00een cazul lucr\u0103rilor complexe, este o opera\u021biune laborioas\u0103 care se face cu aplica\u021bii foarte specializate.<\/font><\/p>\n<p align=\"justify\"><font face=\"Arial\">Exist\u0103 \u00eens\u0103 uneori necesitatea de a face un deviz \u00een format simplificat, de exemplu \u00een cazul unei repara\u021bii sau a unei prest\u0103ri a unui serviciu, opera\u021biune care s-ar putea executa chiar \u0219i cu un program de calcul tabelar sau cu un editor de text.<\/font><\/p>\n<p align=\"justify\"><font face=\"Arial\">Pentru a v\u0103 scuti de achizi\u021bia unui program complex care s\u0103 \u00eendeplineasc\u0103 aceast\u0103 sarcin\u0103, dar \u0219i pentru a v\u0103 scuti de efortul de a \u201cdesena\u201d devizele necesare \u0219i de a introduce de fiecare dat\u0103 informa\u021bii despre prestator, despre client \u0219i despre serviciile efectuate, \u00een aplica\u021biile Microfact \u0219i xFact a fost implementat\u0103 posibilitatea de a genera \u0219i devize.<\/font><\/p>\n<p align=\"justify\"><font face=\"Arial\">Exist\u0103 dou\u0103 posibilit\u0103\u021bi de a genera un deviz din programul de facturare:<\/font><\/p>\n<h2 align=\"justify\">1. Generarea unui deviz din factura proforma.<\/h2>\n<p align=\"justify\"><font face=\"Arial\">Vom \u00eentocmi o factur\u0103 proforma, normal\u0103, \u00een care vom \u00eenscrie toate datele necesare:<\/font><\/p>\n<p align=\"justify\"><a href=\"https:\/\/infokam.eu\/blog\/wp-content\/uploads\/2019\/05\/Proforma.jpg\"><font face=\"Arial\"><img loading=\"lazy\" decoding=\"async\" width=\"600\" height=\"455\" title=\"Proforma\" style=\"display: inline; background-image: none;\" alt=\"Proforma\" src=\"https:\/\/infokam.eu\/blog\/wp-content\/uploads\/2019\/05\/Proforma_thumb.jpg\" border=\"0\"><\/font><\/a><\/p>\n<p align=\"justify\"><font face=\"Arial\">Dup\u0103 ce am verificat datele \u00eenscrise \u00een factura proforma, o vom valida.<\/font><\/p>\n<p align=\"justify\"><a href=\"https:\/\/infokam.eu\/blog\/wp-content\/uploads\/2019\/05\/Listare_proforma1.jpg\"><font face=\"Arial\"><img loading=\"lazy\" decoding=\"async\" width=\"600\" height=\"451\" title=\"Listare_proforma1\" style=\"display: inline; background-image: none;\" alt=\"Listare_proforma1\" src=\"https:\/\/infokam.eu\/blog\/wp-content\/uploads\/2019\/05\/Listare_proforma1_thumb.jpg\" border=\"0\"><\/font><\/a><\/p>\n<p align=\"justify\"><font face=\"Arial\">Vom observa c\u0103 \u00een dreptul op\u021biunii \u201cListare vizualizare\u201d exista op\u021biunea de a selecta forma \u00een care va fi listat documentul, factura proforma, ofert\u0103 sau deviz.<\/font><\/p>\n<p align=\"justify\"><a href=\"https:\/\/infokam.eu\/blog\/wp-content\/uploads\/2019\/05\/listare_proforma2.jpg\"><font face=\"Arial\"><img loading=\"lazy\" decoding=\"async\" width=\"600\" height=\"106\" title=\"listare_proforma2\" style=\"display: inline; background-image: none;\" alt=\"listare_proforma2\" src=\"https:\/\/infokam.eu\/blog\/wp-content\/uploads\/2019\/05\/listare_proforma2_thumb.jpg\" border=\"0\"><\/font><\/a><\/p>\n<p align=\"justify\"><font face=\"Arial\">Select\u0103m deviz \u0219i list\u0103m.<\/font><\/p>\n<p align=\"justify\"><font face=\"Arial\">Devizul nostru va ar\u0103ta aproximativ astfel: <\/font><\/p>\n<p align=\"justify\"><a href=\"https:\/\/infokam.eu\/blog\/wp-content\/uploads\/2019\/05\/deviz-din-proforma.jpg\"><font face=\"Arial\"><img loading=\"lazy\" decoding=\"async\" width=\"600\" height=\"555\" title=\"deviz din proforma\" style=\"display: inline; background-image: none;\" alt=\"deviz din proforma\" src=\"https:\/\/infokam.eu\/blog\/wp-content\/uploads\/2019\/05\/deviz-din-proforma_thumb.jpg\" border=\"0\"><\/font><\/a><\/p>\n<h3 align=\"justify\"><font face=\"Arial\">2. Generarea unui deviz sub forma unei anexe la factur\u0103<\/font><\/h3>\n<p align=\"justify\"><font face=\"Arial\"><br \/><\/font><\/p>\n<p align=\"justify\"><font face=\"Arial\">In primul r\u00e2nd vom citi <\/font><a href=\"https:\/\/infokam.eu\/blog\/2018\/04\/03\/microfact-generarea-si-listarea-de-anexe-la-facturi\/\" target=\"_blank\"><strong><font face=\"Arial\">cum se genereaz\u0103 o anex\u0103 la facturile emise<\/font><\/strong><\/a><\/p>\n<p align=\"justify\"><font face=\"Arial\">Cu ajutorul op\u021biunii \u201cEditare text anex\u0103\u201d vom preg\u0103ti un format \u201cstandard\u201d al devizelor, format care s\u0103 se potriveasc\u0103 la toate devizele noastre.<\/font><\/p>\n<p align=\"justify\"><a href=\"https:\/\/infokam.eu\/blog\/wp-content\/uploads\/2019\/05\/editare-anexa.jpg\"><font face=\"Arial\"><img loading=\"lazy\" decoding=\"async\" width=\"600\" height=\"453\" title=\"editare anexa\" style=\"display: inline; background-image: none;\" alt=\"editare anexa\" src=\"https:\/\/infokam.eu\/blog\/wp-content\/uploads\/2019\/05\/editare-anexa_thumb.jpg\" border=\"0\"><\/font><\/a><\/p>\n<p align=\"justify\"><font face=\"Arial\">Textul \u201cde configurare\u201d al devizului din exemplul de mai jos va trebui s\u0103 arate cam a\u0219a:<\/font><\/p>\n<p align=\"justify\"><a href=\"https:\/\/infokam.eu\/blog\/wp-content\/uploads\/2019\/05\/text_anexa.jpg\"><font face=\"Arial\"><img loading=\"lazy\" decoding=\"async\" width=\"600\" height=\"165\" title=\"text_anexa\" style=\"display: inline; background-image: none;\" alt=\"text_anexa\" src=\"https:\/\/infokam.eu\/blog\/wp-content\/uploads\/2019\/05\/text_anexa_thumb.jpg\" border=\"0\"><\/font><\/a><\/p>\n<p align=\"justify\"><font face=\"Arial\">Cu aceasta am \u00eencheiat opera\u021biunile preg\u0103titoare, opera\u021biuni care se fac numai o singur\u0103 dat\u0103. <\/font><\/p>\n<p align=\"justify\"><font face=\"Arial\">In continuare, de fiecare dat\u0103 c\u00e2nd dorim s\u0103 gener\u0103m un deviz vom proceda \u00een urm\u0103torul fel:<\/font><\/p>\n<p align=\"justify\"><font face=\"Arial\">Vom \u00eentocmi o factur\u0103 \u00een care \u00eenscriem denumirile produselor sau serviciilor, sau, dac\u0103 am \u00eentocmit deja o factur\u0103 proforma cu datele respective vom genera o factur\u0103 din proforma respectiv\u0103.<\/font><\/p>\n<p align=\"justify\"><a href=\"https:\/\/infokam.eu\/blog\/wp-content\/uploads\/2019\/05\/factura.jpg\"><font face=\"Arial\"><img loading=\"lazy\" decoding=\"async\" width=\"600\" height=\"456\" title=\"factura\" style=\"display: inline; background-image: none;\" alt=\"factura\" src=\"https:\/\/infokam.eu\/blog\/wp-content\/uploads\/2019\/05\/factura_thumb.jpg\" border=\"0\"><\/font><\/a><\/p>\n<p align=\"justify\"><font face=\"Arial\">Valid\u0103m factura, dup\u0103 care o list\u0103m av\u00e2nd grij\u0103 s\u0103 bif\u0103m \u0219i op\u021biunea \u201cListare anex\u0103\u201d.<\/font><\/p>\n<p align=\"justify\"><font face=\"Arial\">Exist\u0103 \u0219i posibilitatea de a lista anexa f\u0103r\u0103 a lista \u0219i factura, pentru aceasta va trebui s\u0103 debif\u0103m op\u021biunea \u201cListare factur\u0103\u201d.<\/font><\/p>\n<p align=\"justify\"><a href=\"https:\/\/infokam.eu\/blog\/wp-content\/uploads\/2019\/05\/listare_anexa.jpg\"><font face=\"Arial\"><img loading=\"lazy\" decoding=\"async\" width=\"600\" height=\"451\" title=\"listare_anexa\" style=\"display: inline; background-image: none;\" alt=\"listare_anexa\" src=\"https:\/\/infokam.eu\/blog\/wp-content\/uploads\/2019\/05\/listare_anexa_thumb.jpg\" border=\"0\"><\/font><\/a><\/p>\n<p align=\"justify\"><font face=\"Arial\">Odat\u0103 listat devizul nostru va fi asem\u0103nator cu acesta:<\/font><\/p>\n<p align=\"justify\"><a href=\"https:\/\/infokam.eu\/blog\/wp-content\/uploads\/2019\/05\/deviz-din-anexa.jpg\"><font face=\"Arial\"><img loading=\"lazy\" decoding=\"async\" width=\"598\" height=\"739\" title=\"deviz din anexa\" style=\"display: inline; background-image: none;\" alt=\"deviz din anexa\" src=\"https:\/\/infokam.eu\/blog\/wp-content\/uploads\/2019\/05\/deviz-din-anexa_thumb.jpg\" border=\"0\"><\/font><\/a><\/p>\n<p align=\"right\"><em>Anton Kovacs<\/em><\/p>\n","protected":false},"excerpt":{"rendered":"<p>A\u0219a cum \u0219tim cu to\u021bii \u00eentocmirea devizelor, mai ales \u00een cazul lucr\u0103rilor complexe, este o opera\u021biune laborioas\u0103 care se face cu aplica\u021bii foarte specializate. Exist\u0103 \u00eens\u0103 uneori necesitatea de a face un deviz \u00een format simplificat, de exemplu \u00een cazul unei repara\u021bii sau a unei prest\u0103ri a unui serviciu, opera\u021biune care s-ar putea executa chiar [&hellip;]<\/p>\n","protected":false},"author":1,"featured_media":0,"comment_status":"closed","ping_status":"open","sticky":false,"template":"","format":"standard","meta":{"footnotes":""},"categories":[1],"tags":[],"class_list":["post-5402","post","type-post","status-publish","format-standard","hentry","category-uncategorized"],"_links":{"self":[{"href":"https:\/\/infokam.eu\/blog\/wp-json\/wp\/v2\/posts\/5402","targetHints":{"allow":["GET"]}}],"collection":[{"href":"https:\/\/infokam.eu\/blog\/wp-json\/wp\/v2\/posts"}],"about":[{"href":"https:\/\/infokam.eu\/blog\/wp-json\/wp\/v2\/types\/post"}],"author":[{"embeddable":true,"href":"https:\/\/infokam.eu\/blog\/wp-json\/wp\/v2\/users\/1"}],"replies":[{"embeddable":true,"href":"https:\/\/infokam.eu\/blog\/wp-json\/wp\/v2\/comments?post=5402"}],"version-history":[{"count":5,"href":"https:\/\/infokam.eu\/blog\/wp-json\/wp\/v2\/posts\/5402\/revisions"}],"predecessor-version":[{"id":5407,"href":"https:\/\/infokam.eu\/blog\/wp-json\/wp\/v2\/posts\/5402\/revisions\/5407"}],"wp:attachment":[{"href":"https:\/\/infokam.eu\/blog\/wp-json\/wp\/v2\/media?parent=5402"}],"wp:term":[{"taxonomy":"category","embeddable":true,"href":"https:\/\/infokam.eu\/blog\/wp-json\/wp\/v2\/categories?post=5402"},{"taxonomy":"post_tag","embeddable":true,"href":"https:\/\/infokam.eu\/blog\/wp-json\/wp\/v2\/tags?post=5402"}],"curies":[{"name":"wp","href":"https:\/\/api.w.org\/{rel}","templated":true}]}}