{"id":2711,"date":"2016-07-02T09:55:37","date_gmt":"2016-07-02T06:55:37","guid":{"rendered":"http:\/\/infokam.eu\/blog\/?p=2711"},"modified":"2016-07-02T21:53:20","modified_gmt":"2016-07-02T18:53:20","slug":"parcul","status":"publish","type":"post","link":"https:\/\/infokam.eu\/blog\/2016\/07\/02\/parcul\/","title":{"rendered":"Parcul"},"content":{"rendered":"<p align=\"right\"><font face=\"Arial\" size=\"3\"><em>Anton Kovacs<\/em><\/font><\/p>\n<p align=\"justify\"><font face=\"Arial\" size=\"3\">Pe acest domn \u00eel cunosc din vedere de vreo 15-20 de ani.<\/font><\/p>\n<p align=\"justify\"><font face=\"Arial\" size=\"3\">In urm\u0103 cu c\u00e2\u021biva ani i-a murit b\u0103iatul. Apoi i-a murit so\u021bia. <\/font><\/p>\n<p align=\"justify\"><font face=\"Arial\" size=\"3\">Nu mai are pe nimeni.<\/font><\/p>\n<p align=\"justify\"><font face=\"Arial\" size=\"3\">Pentru c\u0103 nu are ma\u0219in\u0103 \u0219i nu e de acord c\u0103 \u201ctr\u0103im \u00een epoca automobilului\u201d circula cu bicicleta. Venea zilnic \u00een parc, pe la orele pr\u00e2nzului, f\u0103cea o tur\u0103, \u00ee\u0219i c\u0103uta un loc \u0219i se a\u0219eza, g\u00e2ndindu-se la via\u021ba care pentru el aproape a trecut.<\/font><\/p>\n<p align=\"justify\"><font face=\"Arial\" size=\"3\">\u0218i pentru c\u0103 e singur, vorbea cu p\u0103s\u0103rile, la fel cum f\u0103cea Sf\u00e2ntul Francisc. <\/font><\/p>\n<p align=\"justify\"><a href=\"https:\/\/infokam.eu\/blog\/wp-content\/uploads\/2016\/07\/P1180056d.jpg\"><font face=\"Arial\" size=\"3\"><img loading=\"lazy\" decoding=\"async\" width=\"600\" height=\"450\" title=\"P1180056d\" style=\"display: inline; background-image: none;\" alt=\"P1180056d\" src=\"https:\/\/infokam.eu\/blog\/wp-content\/uploads\/2016\/07\/P1180056d_thumb.jpg\" border=\"0\"><\/font><\/a><\/p>\n<p align=\"justify\"><font size=\"3\"><br \/><font face=\"Arial\"><\/font><\/font><\/p>\n<p align=\"justify\"><font face=\"Arial\" size=\"3\">Pe acest domn \u00eel v\u0103d \u00een parc de vreo 30 de ani.<\/font><\/p>\n<p align=\"justify\"><font face=\"Arial\" size=\"3\">Dintotdeauna \u0219i-a plimbat aici c\u0103\u021beii, c\u00e2teva genera\u021bii de c\u0103\u021bei. Pe Paco, pe fiul lui Paco \u0219i mul\u021bi al\u021bii. E \u0219i el \u00een v\u00e2rst\u0103, are vreo 85 de ani. Spune c\u0103 at\u00e2t timp c\u00e2t tr\u0103ie\u0219te va avea un c\u0103\u021bel , pentru c\u0103 \u201cce via\u021b\u0103 e aceea f\u0103r\u0103 c\u00e2ine?\u201d<\/font><\/p>\n<p align=\"justify\"><a href=\"https:\/\/infokam.eu\/blog\/wp-content\/uploads\/2016\/07\/Paco4.jpg\"><font face=\"Arial\" size=\"3\"><img loading=\"lazy\" decoding=\"async\" width=\"600\" height=\"532\" title=\"Paco4\" style=\"display: inline; background-image: none;\" alt=\"Paco4\" src=\"https:\/\/infokam.eu\/blog\/wp-content\/uploads\/2016\/07\/Paco4_thumb.jpg\" border=\"0\"><\/font><\/a><\/p>\n<p align=\"justify\"><font face=\"Arial\" size=\"3\">In ciuda faptului c\u0103 niciodat\u0103 (m\u0103 refer la ultimii 40 de ani) \u00een acest parc nu a existat vreodat\u0103 vreun incident provocat de biciclete sau de vreun c\u00e2ine, acestor domni primarul ora\u0219ului le-a interzis s\u0103 mai vin\u0103 \u00een parc \u0219i i-a obligat s\u0103-\u0219i abandoneze tabieturile de-o via\u021b\u0103.<\/font><\/p>\n<p align=\"justify\"><font face=\"Arial\" size=\"3\">Si i-a interzis si ei<\/font><\/p>\n<p align=\"justify\"><a href=\"https:\/\/infokam.eu\/blog\/wp-content\/uploads\/2016\/07\/Poza5b.jpg\"><font face=\"Arial\" size=\"3\"><img loading=\"lazy\" decoding=\"async\" width=\"600\" height=\"450\" title=\"Poza5b\" style=\"display: inline; background-image: none;\" alt=\"Poza5b\" src=\"https:\/\/infokam.eu\/blog\/wp-content\/uploads\/2016\/07\/Poza5b_thumb.jpg\" border=\"0\"><\/font><\/a><\/p>\n<p align=\"justify\"><font face=\"Arial\" size=\"3\">si lui<\/font><\/p>\n<p align=\"justify\"><a href=\"https:\/\/infokam.eu\/blog\/wp-content\/uploads\/2016\/07\/Poza3b.jpg\"><font face=\"Arial\" size=\"3\"><img loading=\"lazy\" decoding=\"async\" width=\"600\" height=\"450\" title=\"Poza3b\" style=\"display: inline; background-image: none;\" alt=\"Poza3b\" src=\"https:\/\/infokam.eu\/blog\/wp-content\/uploads\/2016\/07\/Poza3b_thumb.jpg\" border=\"0\"><\/font><\/a><\/p>\n<p align=\"justify\"><font face=\"Arial\" size=\"3\">\u0219i lor<\/font><\/p>\n<p align=\"justify\"><a href=\"https:\/\/infokam.eu\/blog\/wp-content\/uploads\/2016\/07\/poza7.jpg\"><font face=\"Arial\" size=\"3\"><img loading=\"lazy\" decoding=\"async\" width=\"600\" height=\"450\" title=\"poza7\" style=\"display: inline; background-image: none;\" alt=\"poza7\" src=\"https:\/\/infokam.eu\/blog\/wp-content\/uploads\/2016\/07\/poza7_thumb.jpg\" border=\"0\"><\/font><\/a><\/p>\n<p align=\"justify\"><font face=\"Arial\">\u0218i altor c\u00e2teva sute, multe sute, de cet\u0103\u021beni, adul\u021bi adolescen\u021bi sau copii, care se plimbau zilnic \u00een parc cu bicicletele sau care \u00ee\u0219i plimbau c\u0103\u021beii aici.<\/font><\/p>\n<p align=\"justify\"><a href=\"https:\/\/infokam.eu\/blog\/wp-content\/uploads\/2016\/07\/P1180885.jpg\"><font face=\"Arial\" size=\"3\"><img loading=\"lazy\" decoding=\"async\" width=\"600\" height=\"450\" title=\"P1180885\" style=\"display: inline; background-image: none;\" alt=\"P1180885\" src=\"https:\/\/infokam.eu\/blog\/wp-content\/uploads\/2016\/07\/P1180885_thumb.jpg\" border=\"0\"><\/font><\/a><\/p>\n<p align=\"justify\"><font face=\"Arial\" size=\"3\">S-a ajuns la situa\u021bii inadmisibile, tot felul de \u021boape, jalnice r\u0103m\u0103\u0219ite ale unor vremuri de mult trecute sau de\u0219euri abandonate ale migra\u021biei spre vest, \u00ee\u0219i permit, la fel cum fac curvele pe centur\u0103, s\u0103 agreseze oamenii care se plimb\u0103 lini\u0219ti\u021bi \u00eempreun\u0103 cu animalele de companie, a\u0219a cum o fac dintotdeauna. Strig\u0103 la ei, \u00eei agreseaz\u0103 verbal sau arunc\u0103 \u00een parc momeli otr\u0103vite. Iar autorit\u0103\u021bile, prin interdic\u021biile impuse, \u00eencurajeaz\u0103&nbsp; acest comportament, s\u0103dind germenii unei societ\u0103\u021bi \u00een care pegra primitiv\u0103 \u0219i lipsit\u0103 de cel mai elementar sim\u021b civic va face legea.<\/font><\/p>\n<p align=\"justify\"><font face=\"Arial\"><a href=\"https:\/\/infokam.eu\/blog\/wp-content\/uploads\/2016\/07\/toapa.jpg\"><img loading=\"lazy\" decoding=\"async\" width=\"600\" height=\"450\" title=\"toapa\" style=\"display: inline; background-image: none;\" alt=\"toapa\" src=\"https:\/\/infokam.eu\/blog\/wp-content\/uploads\/2016\/07\/toapa_thumb.jpg\" border=\"0\"><\/a><\/font><\/p>\n<p align=\"justify\"><font face=\"Arial\" size=\"3\">In schimbul a 1.2 milioane de euro, pl\u0103ti\u021bi din banii lor, cet\u0103\u021benii care locuiesc \u00een zon\u0103 de zeci de ani au pierdut un parc care a fost dintotdeauna al lor, \u00een care s-au putut plimba \u0219i cu bicicletele \u0219i \u00eenso\u021bi\u021bi de animalele lor de companie \u0219i s-au ales cu un ministat poli\u021bienesc controlat de c\u0103tre o hoard\u0103 de alogeni care dispre\u021buiesc tradi\u021biile acestui ora\u0219, indivizi care \u00een urm\u0103 cu 5 ani nici nu \u0219tiau unde este Timi\u0219oara \u0219i care peste 5 ani vor fi uitat c\u0103 au locuit vreodat\u0103 aici, dar care ne impun tuturor regulile lor primitive aduse de aiurea. <\/font><\/p>\n<p align=\"justify\"><font face=\"Arial\">Acestor cet\u0103\u021beni li s-a furat, chiar de c\u0103tre cel care trebuia s\u0103 le apere modul de via\u021b\u0103, dreptul de a tr\u0103i a\u0219a cum doresc, cum au tr\u0103it ei \u0219i p\u0103rin\u021bii lor \u0219i bunicii lor \u00een acest ora\u0219. Poate ar fi timpul s\u0103 facem ceva.<\/font><\/p>\n<p align=\"justify\"><a href=\"https:\/\/infokam.eu\/blog\/wp-content\/uploads\/2016\/07\/Pol1b.jpg\"><font face=\"Arial\"><img loading=\"lazy\" decoding=\"async\" width=\"600\" height=\"450\" title=\"Pol1b\" style=\"display: inline; background-image: none;\" alt=\"Pol1b\" src=\"https:\/\/infokam.eu\/blog\/wp-content\/uploads\/2016\/07\/Pol1b_thumb.jpg\" border=\"0\"><\/font><\/a><\/p>\n<p align=\"justify\"><a href=\"https:\/\/infokam.eu\/blog\/wp-content\/uploads\/2016\/07\/Pol2b.jpg\"><font face=\"Arial\"><img loading=\"lazy\" decoding=\"async\" width=\"600\" height=\"450\" title=\"Pol2b\" style=\"display: inline; background-image: none;\" alt=\"Pol2b\" src=\"https:\/\/infokam.eu\/blog\/wp-content\/uploads\/2016\/07\/Pol2b_thumb.jpg\" border=\"0\"><\/font><\/a><\/p>\n<p align=\"justify\"><font face=\"Arial\"><br \/><\/font><\/p>\n<p align=\"justify\"><\/p>\n<p align=\"justify\">\n","protected":false},"excerpt":{"rendered":"<p>Anton Kovacs Pe acest domn \u00eel cunosc din vedere de vreo 15-20 de ani. In urm\u0103 cu c\u00e2\u021biva ani i-a murit b\u0103iatul. Apoi i-a murit so\u021bia. Nu mai are pe nimeni. Pentru c\u0103 nu are ma\u0219in\u0103 \u0219i nu e de acord c\u0103 \u201ctr\u0103im \u00een epoca automobilului\u201d circula cu bicicleta. Venea zilnic \u00een parc, pe la [&hellip;]<\/p>\n","protected":false},"author":1,"featured_media":0,"comment_status":"closed","ping_status":"open","sticky":false,"template":"","format":"standard","meta":{"footnotes":""},"categories":[1],"tags":[],"class_list":["post-2711","post","type-post","status-publish","format-standard","hentry","category-uncategorized"],"_links":{"self":[{"href":"https:\/\/infokam.eu\/blog\/wp-json\/wp\/v2\/posts\/2711","targetHints":{"allow":["GET"]}}],"collection":[{"href":"https:\/\/infokam.eu\/blog\/wp-json\/wp\/v2\/posts"}],"about":[{"href":"https:\/\/infokam.eu\/blog\/wp-json\/wp\/v2\/types\/post"}],"author":[{"embeddable":true,"href":"https:\/\/infokam.eu\/blog\/wp-json\/wp\/v2\/users\/1"}],"replies":[{"embeddable":true,"href":"https:\/\/infokam.eu\/blog\/wp-json\/wp\/v2\/comments?post=2711"}],"version-history":[{"count":16,"href":"https:\/\/infokam.eu\/blog\/wp-json\/wp\/v2\/posts\/2711\/revisions"}],"predecessor-version":[{"id":2729,"href":"https:\/\/infokam.eu\/blog\/wp-json\/wp\/v2\/posts\/2711\/revisions\/2729"}],"wp:attachment":[{"href":"https:\/\/infokam.eu\/blog\/wp-json\/wp\/v2\/media?parent=2711"}],"wp:term":[{"taxonomy":"category","embeddable":true,"href":"https:\/\/infokam.eu\/blog\/wp-json\/wp\/v2\/categories?post=2711"},{"taxonomy":"post_tag","embeddable":true,"href":"https:\/\/infokam.eu\/blog\/wp-json\/wp\/v2\/tags?post=2711"}],"curies":[{"name":"wp","href":"https:\/\/api.w.org\/{rel}","templated":true}]}}